{"id":7992,"date":"2024-08-06T17:06:20","date_gmt":"2024-08-06T15:06:20","guid":{"rendered":"https:\/\/www.fame-travel.be\/?p=7992"},"modified":"2025-01-31T11:55:00","modified_gmt":"2025-01-31T10:55:00","slug":"your-incentive-in-the-fall","status":"publish","type":"post","link":"https:\/\/www.fame-travel.be\/fr\/your-incentive-in-the-fall\/","title":{"rendered":"5 destinations pour votre incitation \u00e0 l'automne"},"content":{"rendered":"<p><strong>Oh, l'\u00e9t\u00e9 est d\u00e9j\u00e0 \u00e0 plus de la moiti\u00e9. Suis-je trop tard pour organiser une incitation cette ann\u00e9e? Bien s\u00fbr que non! Une incitation peut en fait \u00eatre organis\u00e9e toute l'ann\u00e9e. Vous souhaitez offrir \u00e0 votre \u00e9quipe, \u00e0 vos clients ou \u00e0 votre r\u00e9seau un voyage inoubliable cette ann\u00e9e? Voici nos 5 meilleures destinations pour une incitation r\u00e9ussie cet automne.<\/strong><\/p>\n\n\n\n<h2 class=\"wp-block-heading\"><strong>Mad\u00e8re<\/strong><\/h2>\n\n\n\n<p>Le Hawa\u00ef de l'Europe, vous le connaissez peut-\u00eatre principalement pour sa nature luxuriante et son climat doux. Mais cette \u00eele offre bien plus, ce qui en fait une destination parfaite pour une incitation. Mad\u00e8re a quelque chose \u00e0 offrir \u00e0 chacun.<\/p>\n\n\n\n<div class=\"wp-block-columns is-layout-flex wp-container-core-columns-is-layout-9d6595d7 wp-block-columns-is-layout-flex\">\n<div class=\"wp-block-column is-layout-flow wp-block-column-is-layout-flow\" style=\"flex-basis:100%\">\n<figure><img decoding=\"async\" src=\"data:image\/gif;base64,R0lGODlhAQABAAAAACH5BAEKAAEALAAAAAABAAEAAAICTAEAOw==\" alt=\"\" class=\"lazyload\" data-src=\"https:\/\/www.fame-travel.be\/wp-content\/uploads\/2024\/08\/Madeira-Porto-da-cruz-natuur-bergen-zee-regio-santana-dorp-1170x570.jpg\"><\/figure>\n<\/div>\n<\/div>\n\n\n\n<h2 class=\"wp-block-heading\"><strong>Nos conseils \u00e0 Mad\u00e8re<\/strong><\/h2>\n\n\n\n<div class=\"wp-block-group is-vertical is-layout-flex wp-container-core-group-is-layout-8cf370e7 wp-block-group-is-layout-flex\">\n<p><strong>Aventure garantie<\/strong><\/p>\n\n\n\n<p>Les amateurs d'aventure y trouveront leur bonheur. Le paysage accident\u00e9 de Mad\u00e8re est id\u00e9al pour le coasteering et le canyoning ! Faites du coasteering et d\u00e9couvrez de pr\u00e8s les falaises, les grottes et les formations rocheuses. Ou explorez des vall\u00e9es verdoyantes et des cascades impressionnantes lors d'une matin\u00e9e de canyoning.<\/p>\n<\/div>\n\n\n\n<div class=\"wp-block-group is-vertical is-layout-flex wp-container-core-group-is-layout-8cf370e7 wp-block-group-is-layout-flex\">\n<p><strong>Funchal<\/strong><\/p>\n\n\n\n<p>Lors de votre visite \u00e0 Mad\u00e8re, Funchal est tout simplement incontournable. Passez une journ\u00e9e \u00e0 fl\u00e2ner et d\u00e9couvrez son histoire riche, ses b\u00e2timents historiques, sa beaut\u00e9 botanique, son street art et ses march\u00e9s pittoresques. \u00c0 ne pas manquer : le t\u00e9l\u00e9ph\u00e9rique avec ses vues panoramiques et la descente en toboggan traditionnel.<\/p>\n<\/div>\n\n\n\n<div class=\"wp-block-group is-vertical is-layout-flex wp-container-core-group-is-layout-8cf370e7 wp-block-group-is-layout-flex\">\n<p><strong>Randonn\u00e9e Levada<\/strong><\/p>\n\n\n\n<p>Lors d'une randonn\u00e9e Levada, vous d\u00e9couvrirez la v\u00e9ritable beaut\u00e9 naturelle de Mad\u00e8re. Cette marche vous emm\u00e8ne \u00e0 travers des paysages impressionnants et des vues \u00e0 couper le souffle sur l'oc\u00e9an d'un bleu profond et les montagnes majestueuses de l'\u00eele aux Fleurs.<\/p>\n<\/div>\n\n\n\n<figure class=\"wp-block-image size-large\"><img fetchpriority=\"high\" decoding=\"async\" width=\"1170\" height=\"570\" src=\"data:image\/gif;base64,R0lGODlhAQABAAAAACH5BAEKAAEALAAAAAABAAEAAAICTAEAOw==\" alt=\"\" class=\"wp-image-7995 lazyload\" data-src=\"https:\/\/www.fame-travel.be\/wp-content\/uploads\/2024\/08\/TELEMMGLPICT000270088598_trans_NvBQzQNjv4BqC3KR36tC2BrWHMM_AXx43uBR3j3VHEEN9iWm3OOLHNI-1170x570.webp\"><\/figure>\n\n\n\n<h2 class=\"wp-block-heading\"><strong>Afrique du Sud<\/strong><\/h2>\n\n\n\n<p>Un pays o\u00f9 le soleil semble sourire et l'air est impr\u00e9gn\u00e9 d'un sentiment d'aventure et de d\u00e9couverte. L'Afrique du Sud est une destination unique pour organiser votre incitation. Le pays allie avec aisance culture, aventure et gastronomie.<\/p>\n\n\n\n<figure class=\"wp-block-image size-large\"><img decoding=\"async\" width=\"1170\" height=\"570\" src=\"data:image\/gif;base64,R0lGODlhAQABAAAAACH5BAEKAAEALAAAAAABAAEAAAICTAEAOw==\" alt=\"\" class=\"wp-image-8001 lazyload\" sizes=\"(max-width: 1170px) 100vw, 1170px\" data-src=\"https:\/\/www.fame-travel.be\/wp-content\/uploads\/2024\/08\/Untitled-design-17-1170x570.png\" data-srcset=\"https:\/\/www.fame-travel.be\/wp-content\/uploads\/2024\/08\/Untitled-design-17-1170x570.png 1170w, https:\/\/www.fame-travel.be\/wp-content\/uploads\/2024\/08\/Untitled-design-17-18x9.png 18w\"><\/figure>\n\n\n\n<h2 class=\"wp-block-heading\"><strong>Nos conseils en Afrique du Sud<\/strong><\/h2>\n\n\n\n<div class=\"wp-block-group is-vertical is-layout-flex wp-container-core-group-is-layout-8cf370e7 wp-block-group-is-layout-flex\">\n<p><strong>Le Cap<\/strong><\/p>\n\n\n\n<p>Impr\u00e9gnez-vous de la culture vibrante de La Ville M\u00e8re. Promenez-vous dans Bo-Kaap, une rue embl\u00e9matique avec des maisons aux couleurs vives, ou passez des heures \u00e0 explorer le march\u00e9 le plus color\u00e9 de Cape Town sur Greenmarket Square.<\/p>\n<\/div>\n\n\n\n<div class=\"wp-block-group is-vertical is-layout-flex wp-container-core-group-is-layout-8cf370e7 wp-block-group-is-layout-flex\">\n<p><strong>Franschhoek<\/strong><\/p>\n\n\n\n<p>La capitale culinaire de l'Afrique du Sud. Ce village idyllique avec des airs fran\u00e7ais est situ\u00e9 dans une vall\u00e9e entre les montagnes. Le paysage vallonn\u00e9 et le climat agr\u00e9able en font l'endroit id\u00e9al pour se d\u00e9tendre pendant quelques jours.<\/p>\n<\/div>\n\n\n\n<div class=\"wp-block-group is-vertical is-layout-flex wp-container-core-group-is-layout-8cf370e7 wp-block-group-is-layout-flex\">\n<p><strong>R\u00e9serve priv\u00e9e de Qwabi<\/strong><\/p>\n\n\n\n<p>Enfouie au c\u0153ur de la nature pr\u00e9serv\u00e9e d'Afrique du Sud se trouve la R\u00e9serve Priv\u00e9e de Qwabi. L'une de nos lodges pr\u00e9f\u00e9r\u00e9es dans la brousse. Dans cette oasis cach\u00e9e, s'\u00e9tendant sur des milliers d'hectares de brousse, vous vivrez \u00e0 coup s\u00fbr une aventure safari in\u00e9gal\u00e9e.<\/p>\n<\/div>\n\n\n\n<h2 class=\"wp-block-heading\"><strong>Islande<\/strong><\/h2>\n\n\n\n<p>Une incitation n'a pas besoin de se d\u00e9rouler dans une destination chaude. Un lieu froid devait donc figurer sur notre liste. Avec ses geysers en \u00e9ruption, ses volcans grondants et ses glaciers scintillants : enfilez votre manteau d'hiver et d\u00e9couvrez l'impressionnant et sauvage Islande.<\/p>\n\n\n\n<figure class=\"wp-block-image size-large\"><img decoding=\"async\" width=\"1000\" height=\"570\" src=\"data:image\/gif;base64,R0lGODlhAQABAAAAACH5BAEKAAEALAAAAAABAAEAAAICTAEAOw==\" alt=\"\" class=\"wp-image-8002 lazyload\" data-src=\"https:\/\/www.fame-travel.be\/wp-content\/uploads\/2024\/08\/o-AURORA-BOREALIS-ICELAND-facebook-1000x570.jpg\"><figcaption class=\"wp-element-caption\">Reflected Aurora Borealis in Glacial Lagoon<\/figcaption><\/figure>\n\n\n\n<h2 class=\"wp-block-heading\"><strong>Nos conseils en Islande<\/strong><\/h2>\n\n\n\n<div class=\"wp-block-group is-vertical is-layout-flex wp-container-core-group-is-layout-8cf370e7 wp-block-group-is-layout-flex\">\n<p><strong>Randonn\u00e9e sur glacier<\/strong><\/p>\n\n\n\n<p>Quand on parle d'Islande, on parle de randonn\u00e9e sur glacier. Le glacier S\u00f3lheimaj\u00f6kull peut \u00eatre admir\u00e9 tout au long de l'ann\u00e9e. \u00c0 chaque coin, vous d\u00e9couvrirez des stalactites de glace scintillantes, des murs de glace et peut-\u00eatre m\u00eame des grottes de glace.<\/p>\n<\/div>\n\n\n\n<div class=\"wp-block-group is-vertical is-layout-flex wp-container-core-group-is-layout-8cf370e7 wp-block-group-is-layout-flex\">\n<p><strong>Chute d'eau de Gullfoss<\/strong><\/p>\n\n\n\n<p>Gullfoss, \u00e9galement appel\u00e9e la Chute d'Or, est l'une des chutes d'eau les plus embl\u00e9matiques d'Islande. Pourquoi \"dor\u00e9e\"? L'eau glaciaire a une teinte brun\u00e2tre, lui donnant un aspect dor\u00e9 par une journ\u00e9e ensoleill\u00e9e. Cette chute d'eau fait partie du Cercle d'Or et est facilement accessible en voiture.<\/p>\n<\/div>\n\n\n\n<div class=\"wp-block-group is-vertical is-layout-flex wp-container-core-group-is-layout-8cf370e7 wp-block-group-is-layout-flex\">\n<p><strong>Aurora Borealis<\/strong><\/p>\n\n\n\n<p>Un voyage incitatif en Islande n'est pas complet sans observer les aurores bor\u00e9ales. Et en automne, les chances de vivre ce spectacle naturel sont beaucoup plus \u00e9lev\u00e9es ! C'est une exp\u00e9rience unique et fantastique qui rapproche v\u00e9ritablement un groupe.<\/p>\n\n\n\n<figure class=\"wp-block-image size-large\"><img loading=\"lazy\" decoding=\"async\" width=\"1170\" height=\"570\" src=\"data:image\/gif;base64,R0lGODlhAQABAAAAACH5BAEKAAEALAAAAAABAAEAAAICTAEAOw==\" alt=\"\" class=\"wp-image-8003 lazyload\" sizes=\"(max-width: 1170px) 100vw, 1170px\" data-src=\"https:\/\/www.fame-travel.be\/wp-content\/uploads\/2024\/08\/2-1170x570.png\" data-srcset=\"https:\/\/www.fame-travel.be\/wp-content\/uploads\/2024\/08\/2-1170x570.png 1170w, https:\/\/www.fame-travel.be\/wp-content\/uploads\/2024\/08\/2-18x9.png 18w\"><\/figure>\n<\/div>\n\n\n\n<h2 class=\"wp-block-heading\"><strong>Andalousie<\/strong><\/h2>\n\n\n\n<p>Partez en road trip envo\u00fbtante au c\u0153ur de l'Andalousie. Cette r\u00e9gion autonome du sud de l'Espagne est pleine de contrastes, ce qui en fait la destination parfaite pour une incitation vari\u00e9e. Laissez-vous transporter par l'architecture remarquable, l'histoire riche et les paysages chaleureux de ce joyau m\u00e9diterran\u00e9en.<\/p>\n\n\n\n<figure class=\"wp-block-image size-large\"><img loading=\"lazy\" decoding=\"async\" width=\"1170\" height=\"570\" src=\"data:image\/gif;base64,R0lGODlhAQABAAAAACH5BAEKAAEALAAAAAABAAEAAAICTAEAOw==\" alt=\"\" class=\"wp-image-8007 lazyload\" sizes=\"(max-width: 1170px) 100vw, 1170px\" data-src=\"https:\/\/www.fame-travel.be\/wp-content\/uploads\/2024\/08\/Andalucia-South-Coast0003SpainSevillaPlazaDeEspanashutterstock417794122-1170x570.jpg\" data-srcset=\"https:\/\/www.fame-travel.be\/wp-content\/uploads\/2024\/08\/Andalucia-South-Coast0003SpainSevillaPlazaDeEspanashutterstock417794122-1170x570.jpg 1170w, https:\/\/www.fame-travel.be\/wp-content\/uploads\/2024\/08\/Andalucia-South-Coast0003SpainSevillaPlazaDeEspanashutterstock417794122-480x235.jpg 480w, https:\/\/www.fame-travel.be\/wp-content\/uploads\/2024\/08\/Andalucia-South-Coast0003SpainSevillaPlazaDeEspanashutterstock417794122-18x9.jpg 18w\"><\/figure>\n\n\n\n<h2 class=\"wp-block-heading\"><strong>Nos conseils en Andalousie<\/strong><\/h2>\n\n\n\n<div class=\"wp-block-group is-vertical is-layout-flex wp-container-core-group-is-layout-8cf370e7 wp-block-group-is-layout-flex\">\n<p><strong>M\u00e1laga<\/strong><\/p>\n\n\n\n<p>La ville par excellence pour commencer votre aventure andalouse. Commencez votre journ\u00e9e dans cette ville portuaire avec un \u00ab pan con tomate \u00bb dans un charmant caf\u00e9 sur la Plaza de la Merced. Et surtout, ne manquez pas de go\u00fbter aux Espetos de sardinas !<\/p>\n<\/div>\n\n\n\n<div class=\"wp-block-group is-vertical is-layout-flex wp-container-core-group-is-layout-8cf370e7 wp-block-group-is-layout-flex\">\n<p><strong>Ronda<\/strong><\/p>\n\n\n\n<p>Ronda est l'un des plus beaux villages d'Andalousie et ne doit donc pas \u00eatre manqu\u00e9. Connue pour son pont Puente Nuevo aux hauteurs impressionnantes, ses bains arabes, la magnifique Plaza de Toros, la porte de la ville et surtout les vues \u00e0 couper le souffle.<\/p>\n<\/div>\n\n\n\n<div class=\"wp-block-group is-vertical is-layout-flex wp-container-core-group-is-layout-8cf370e7 wp-block-group-is-layout-flex\">\n<p><strong>S\u00e9ville<\/strong><\/p>\n\n\n\n<p>S\u00e9ville est l'une des villes les plus belles et les plus charmantes d'Andalousie, r\u00e9put\u00e9e pour son allure royale. Nous adorons ! D\u00e9couvrez le Palais Royal Alc\u00e1zar de S\u00e9ville, la Cath\u00e9drale de Santa Mar\u00eda de la Sede et le Barrio de Santa Cruz, un d\u00e9dale de rues \u00e9troites et anciennes. Notre conseil : S\u00e9ville a tant \u00e0 offrir que vous pouvez parfaitement organiser votre incentive de 3 jours uniquement ici.<\/p>\n<\/div>\n\n\n\n<figure class=\"wp-block-image size-large\"><img loading=\"lazy\" decoding=\"async\" width=\"1170\" height=\"570\" src=\"data:image\/gif;base64,R0lGODlhAQABAAAAACH5BAEKAAEALAAAAAABAAEAAAICTAEAOw==\" alt=\"\" class=\"wp-image-8008 lazyload\" data-src=\"https:\/\/www.fame-travel.be\/wp-content\/uploads\/2024\/08\/three-cities-in-one-day-ronda-white-village-and-sevilla-from-malaga_regaloBIG4382-1170x570.jpg\"><\/figure>\n\n\n\n<h2 class=\"wp-block-heading\"><strong>Marrakech<\/strong><\/h2>\n\n\n\n<p>Souks color\u00e9s, palais historiques et places anim\u00e9es. Les myst\u00e8res de Marrakech offrent une aventure fascinante et vari\u00e9e. Laissez-vous emporter par l'\u00e9nergie unique de la Ville Rouge et partez \u00e0 la d\u00e9couverte de son histoire riche, de sa culture, de ses traditions et de son agitation quotidienne avec votre groupe.<\/p>\n\n\n\n<figure class=\"wp-block-image size-large\"><img loading=\"lazy\" decoding=\"async\" width=\"1170\" height=\"570\" src=\"data:image\/gif;base64,R0lGODlhAQABAAAAACH5BAEKAAEALAAAAAABAAEAAAICTAEAOw==\" alt=\"\" class=\"wp-image-8005 lazyload\" sizes=\"(max-width: 1170px) 100vw, 1170px\" data-src=\"https:\/\/www.fame-travel.be\/wp-content\/uploads\/2024\/08\/ac52c378-2ee1-46cd-b660-268e8534ea61-1170x570.jpeg\" data-srcset=\"https:\/\/www.fame-travel.be\/wp-content\/uploads\/2024\/08\/ac52c378-2ee1-46cd-b660-268e8534ea61-1170x570.jpeg 1170w, https:\/\/www.fame-travel.be\/wp-content\/uploads\/2024\/08\/ac52c378-2ee1-46cd-b660-268e8534ea61-18x8.jpeg 18w\"><\/figure>\n\n\n\n<h2 class=\"wp-block-heading\"><strong>Nos conseils \u00e0 Marrakech<\/strong><\/h2>\n\n\n\n<div class=\"wp-block-group is-vertical is-layout-flex wp-container-core-group-is-layout-8cf370e7 wp-block-group-is-layout-flex\">\n<p><strong>D\u00e9sert d'Agafay<\/strong><\/p>\n\n\n\n<p>\u00c0 seulement une demi-heure de Marrakech, vous trouverez le D\u00e9sert d'Agafay, o\u00f9 vous pourrez facilement \u00e9chapper \u00e0 l'agitation de la ville. Vous y d\u00e9couvrirez plusieurs camps luxueux, et lors d'une balade \u00e0 dos de chameau, d'une excursion en quad ou d'un vol en montgolfi\u00e8re, vous d\u00e9couvrirez le paysage sous un angle totalement diff\u00e9rent. C'est vraiment unique ! Ce d\u00e9sert rocheux vaut vraiment le d\u00e9tour.<\/p>\n<\/div>\n\n\n\n<div class=\"wp-block-group is-vertical is-layout-flex wp-container-core-group-is-layout-8cf370e7 wp-block-group-is-layout-flex\">\n<p><strong>M\u00e9dina de Marrakech<\/strong><\/p>\n\n\n\n<p>Impr\u00e9gnez-vous de la couleur locale et promenez-vous dans la M\u00e9dina de Marrakech ou sur la place Djemaa El Fna. Les rues enchev\u00eatr\u00e9es cr\u00e9ent un chaos informel et anim\u00e9 que vous ne rencontrerez que rarement ailleurs de cette mani\u00e8re.<\/p>\n\n\n\n<figure class=\"wp-block-image size-large\"><img loading=\"lazy\" decoding=\"async\" width=\"1170\" height=\"570\" src=\"data:image\/gif;base64,R0lGODlhAQABAAAAACH5BAEKAAEALAAAAAABAAEAAAICTAEAOw==\" alt=\"\" class=\"wp-image-8006 lazyload\" sizes=\"(max-width: 1170px) 100vw, 1170px\" data-src=\"https:\/\/www.fame-travel.be\/wp-content\/uploads\/2024\/08\/1-1170x570.png\" data-srcset=\"https:\/\/www.fame-travel.be\/wp-content\/uploads\/2024\/08\/1-1170x570.png 1170w, https:\/\/www.fame-travel.be\/wp-content\/uploads\/2024\/08\/1-18x9.png 18w\"><\/figure>\n\n\n\n<p>Comme vous pouvez le voir, il y a plus qu'assez d'options pour organiser une incitation r\u00e9ussie cet automne. Votre inspiration commence-t-elle \u00e0 germer ? Super ! Envoyez-nous un message \u00e0 sales@fame-travel.be, et nous travaillerons ensemble pour trouver la destination qui correspond le mieux \u00e0 votre prochain voyage avec vos coll\u00e8gues, clients ou partenaires. <a><span \n                data-original-string='HWQHRTH7RNj6GoFCamviPw==b44V7bMS+klO72wkcaIeMZLGXBBFhCy7X1bO7fRur9ZuEM='\n                class='apbct-email-encoder'\n                title='This contact has been encoded by Anti-Spam by CleanTalk. Click to decode. To finish the decoding make sure that JavaScript is enabled in your browser.'>sa<span class=\"apbct-blur\">***<\/span>@<span class=\"apbct-blur\">*********<\/span>el.be<\/span><\/a>, and we&#8217;ll work together to find the destination that best suits your next trip with colleagues, clients, or partners.<\/p>\n<\/div>","protected":false},"excerpt":{"rendered":"<p>Oh, l'\u00e9t\u00e9 est d\u00e9j\u00e0 \u00e0 mi-chemin. Suis-je trop tard pour organiser une incitation cette ann\u00e9e? Bien s\u00fbr que non! ...<\/p>","protected":false},"author":1,"featured_media":8355,"comment_status":"open","ping_status":"open","sticky":false,"template":"","format":"standard","meta":{"_monsterinsights_skip_tracking":false,"_monsterinsights_sitenote_active":false,"_monsterinsights_sitenote_note":"","_monsterinsights_sitenote_category":0,"footnotes":""},"categories":[1],"tags":[45,43,44,46],"class_list":["post-7992","post","type-post","status-publish","format-standard","has-post-thumbnail","hentry","category-uncategorized","tag-fame","tag-incentive","tag-reizen","tag-vakantie"],"aioseo_notices":[],"_links":{"self":[{"href":"https:\/\/www.fame-travel.be\/fr\/wp-json\/wp\/v2\/posts\/7992","targetHints":{"allow":["GET"]}}],"collection":[{"href":"https:\/\/www.fame-travel.be\/fr\/wp-json\/wp\/v2\/posts"}],"about":[{"href":"https:\/\/www.fame-travel.be\/fr\/wp-json\/wp\/v2\/types\/post"}],"author":[{"embeddable":true,"href":"https:\/\/www.fame-travel.be\/fr\/wp-json\/wp\/v2\/users\/1"}],"replies":[{"embeddable":true,"href":"https:\/\/www.fame-travel.be\/fr\/wp-json\/wp\/v2\/comments?post=7992"}],"version-history":[{"count":14,"href":"https:\/\/www.fame-travel.be\/fr\/wp-json\/wp\/v2\/posts\/7992\/revisions"}],"predecessor-version":[{"id":8090,"href":"https:\/\/www.fame-travel.be\/fr\/wp-json\/wp\/v2\/posts\/7992\/revisions\/8090"}],"wp:featuredmedia":[{"embeddable":true,"href":"https:\/\/www.fame-travel.be\/fr\/wp-json\/wp\/v2\/media\/8355"}],"wp:attachment":[{"href":"https:\/\/www.fame-travel.be\/fr\/wp-json\/wp\/v2\/media?parent=7992"}],"wp:term":[{"taxonomy":"category","embeddable":true,"href":"https:\/\/www.fame-travel.be\/fr\/wp-json\/wp\/v2\/categories?post=7992"},{"taxonomy":"post_tag","embeddable":true,"href":"https:\/\/www.fame-travel.be\/fr\/wp-json\/wp\/v2\/tags?post=7992"}],"curies":[{"name":"wp","href":"https:\/\/api.w.org\/{rel}","templated":true}]}}